{"id":7105,"date":"2026-03-24T13:46:53","date_gmt":"2026-03-24T11:46:53","guid":{"rendered":"https:\/\/kuivasjarvenaura.fi\/?p=7105"},"modified":"2026-03-25T16:21:29","modified_gmt":"2026-03-25T14:21:29","slug":"tarkeaa-urheilukoulut-vko14-18","status":"publish","type":"post","link":"https:\/\/kuivasjarvenaura.fi\/index.php\/2026\/03\/24\/tarkeaa-urheilukoulut-vko14-18\/","title":{"rendered":"T\u00c4RKE\u00c4\u00c4 URHEILUKOULUT VKO14-18"},"content":{"rendered":"\n<p>Ouluhalli on huhtikuun ajan pitk\u00e4lti kiinni erilaisten tapahtumien vuoksi. Siirrymme Raatin Stadionille, muutamaa Ouluhalli p\u00e4iv\u00e4\u00e4 lukuunottamatta. Pukeudutaan Raattiin l\u00e4mpim\u00e4sti, ja nautitaan ulkoilmasta treenatessa t\u00e4n\u00e4 vuonna jo hieman aiemmin! \ud83d\ude42 Harjoitusajat s\u00e4ilyv\u00e4t ennallaan: Ma&amp;Ke klo18-19, ke2021 klo18-18:45, Ti&amp;To klo18-19:30.<\/p>\n\n\n\n<p>Kokoontuminen Raatin Stadionilla Tuiran puoleisessa p\u00e4\u00e4dyss\u00e4, 100m l\u00e4ht\u00f6paikan l\u00e4heisyydess\u00e4. Ouluhallilla tuttuun tapaan vanhan puolen aulassa.<\/p>\n\n\n\n<p>Kiitos ymm\u00e4rryksest\u00e4 ja mukavia harjoituksia! \ud83d\ude42<\/p>\n\n\n\n<p><strong>AIKATAULU:<\/strong><\/p>\n\n\n\n<p><strong>Vko14:<\/strong><\/p>\n\n\n\n<p>-Ma Ouluhalli<\/p>\n\n\n\n<p>-Ti,Ke,To Raatin Stadion<\/p>\n\n\n\n<p><strong>Vko15:<\/strong><\/p>\n\n\n\n<p><strong>-Ma EI TREENEJ\u00c4 2.P\u00c4\u00c4SI\u00c4ISP\u00c4IV\u00c4<\/strong><\/p>\n\n\n\n<p>Ti Ouluhalli<\/p>\n\n\n\n<p>-Ke,To Raatin Stadion<\/p>\n\n\n\n<p><strong>Vko16:<\/strong><\/p>\n\n\n\n<p>-Ma,Ti,Ke,To Raatin Stadion<\/p>\n\n\n\n<p><strong>Vko17:<\/strong><\/p>\n\n\n\n<p>-Ma,Ti,Ke Raatin Stadion<\/p>\n\n\n\n<p>-To Ouluhalli<\/p>\n\n\n\n<p><strong>Vko18:<\/strong><\/p>\n\n\n\n<p>-Ma,Ti,Ke Ouluhalli<\/p>\n\n\n\n<p>-To ei harjoituksia<\/p>\n\n\n\n<p>&nbsp;<\/p>\n\n\n\n<p>Harjoitukset pidet\u00e4\u00e4n s\u00e4\u00e4ll\u00e4 kuin s\u00e4\u00e4ll\u00e4, joten pukeuduthan s\u00e4\u00e4n mukaisesti.<\/p>\n\n\n\n<p>MyClubiin harjoituspaikkamuutokset merkataan t\u00e4m\u00e4n viikon (vko13) aikana.<\/p>\n\n\n\n<p>KILPARYHMIEN VALMENTAJAT INFOAVAT OMIA RYHMI\u00c4\u00c4N WHATSAPP-RYHMIEN KAUTTA.<\/p>\n\n\n\n<p>Yt. Henriikka\/Toimisto<\/p>\n","protected":false},"excerpt":{"rendered":"<p>Ouluhalli on huhtikuun ajan pitk\u00e4lti kiinni erilaisten tapahtumien vuoksi. Siirrymme Raatin Stadionille, muutamaa Ouluhalli p\u00e4iv\u00e4\u00e4 lukuunottamatta. Pukeudutaan Raattiin l\u00e4mpim\u00e4sti, ja nautitaan ulkoilmasta treenatessa t\u00e4n\u00e4 vuonna jo hieman aiemmin! \ud83d\ude42 Harjoitusajat s\u00e4ilyv\u00e4t ennallaan: Ma&amp;Ke klo18-19, ke2021 klo18-18:45, Ti&amp;To klo18-19:30. Kokoontuminen Raatin Stadionilla Tuiran puoleisessa p\u00e4\u00e4dyss\u00e4, 100m l\u00e4ht\u00f6paikan l\u00e4heisyydess\u00e4. Ouluhallilla tuttuun tapaan vanhan puolen aulassa. Kiitos ymm\u00e4rryksest\u00e4&#8230;<\/p>\n","protected":false},"author":3,"featured_media":6795,"comment_status":"closed","ping_status":"open","sticky":false,"template":"","format":"standard","meta":{"footnotes":""},"categories":[1],"tags":[],"class_list":["post-7105","post","type-post","status-publish","format-standard","has-post-thumbnail","hentry","category-ajankohtaista"],"_links":{"self":[{"href":"https:\/\/kuivasjarvenaura.fi\/index.php\/wp-json\/wp\/v2\/posts\/7105","targetHints":{"allow":["GET"]}}],"collection":[{"href":"https:\/\/kuivasjarvenaura.fi\/index.php\/wp-json\/wp\/v2\/posts"}],"about":[{"href":"https:\/\/kuivasjarvenaura.fi\/index.php\/wp-json\/wp\/v2\/types\/post"}],"author":[{"embeddable":true,"href":"https:\/\/kuivasjarvenaura.fi\/index.php\/wp-json\/wp\/v2\/users\/3"}],"replies":[{"embeddable":true,"href":"https:\/\/kuivasjarvenaura.fi\/index.php\/wp-json\/wp\/v2\/comments?post=7105"}],"version-history":[{"count":3,"href":"https:\/\/kuivasjarvenaura.fi\/index.php\/wp-json\/wp\/v2\/posts\/7105\/revisions"}],"predecessor-version":[{"id":7108,"href":"https:\/\/kuivasjarvenaura.fi\/index.php\/wp-json\/wp\/v2\/posts\/7105\/revisions\/7108"}],"wp:featuredmedia":[{"embeddable":true,"href":"https:\/\/kuivasjarvenaura.fi\/index.php\/wp-json\/wp\/v2\/media\/6795"}],"wp:attachment":[{"href":"https:\/\/kuivasjarvenaura.fi\/index.php\/wp-json\/wp\/v2\/media?parent=7105"}],"wp:term":[{"taxonomy":"category","embeddable":true,"href":"https:\/\/kuivasjarvenaura.fi\/index.php\/wp-json\/wp\/v2\/categories?post=7105"},{"taxonomy":"post_tag","embeddable":true,"href":"https:\/\/kuivasjarvenaura.fi\/index.php\/wp-json\/wp\/v2\/tags?post=7105"}],"curies":[{"name":"wp","href":"https:\/\/api.w.org\/{rel}","templated":true}]}}