{"id":6491,"date":"2024-12-12T07:00:31","date_gmt":"2024-12-12T05:00:31","guid":{"rendered":"https:\/\/kuivasjarvenaura.fi\/?p=6491"},"modified":"2024-12-12T09:23:12","modified_gmt":"2024-12-12T07:23:12","slug":"auran-voimanainen-anne-karvinen-poutanen-on-menehtynyt","status":"publish","type":"post","link":"https:\/\/kuivasjarvenaura.fi\/index.php\/2024\/12\/12\/auran-voimanainen-anne-karvinen-poutanen-on-menehtynyt\/","title":{"rendered":"Auran voimanainen Anne Karvinen-Poutanen on menehtynyt"},"content":{"rendered":"\n<p>Surullisin mielin kerromme, ett\u00e4 Kuivasj\u00e4rven Auran pitk\u00e4aikainen valmentaja ja toimintamme vet\u00e4j\u00e4 Anne Karvinen-Poutanen on menehtynyt. L\u00e4mmin osanottomme Annen perheelle ja l\u00e4heisille. Toivomme, ett\u00e4 Annen omaiset saavat rauhan asian k\u00e4sittelyyn.<\/p>\n\n\n\n<p>Oman yleisurheilu-uransa j\u00e4lkeen Anne toimi kolmen vuosikymmenen ajan valmentajana ja kasvatti Kuivasj\u00e4rven Aurasta kansallisesti merkitt\u00e4v\u00e4n ja tunnetun yleisurheiluseuran. Tuhannet lapset ovat aloittaneet liikuntaharrastuksen Annen perustaman urheilukoulutoiminnan piiriss\u00e4. Annen valmentamat nuoret kilpaurheilijat ovat menestyneet kansallisella ja kansainv\u00e4lisell\u00e4 tasolla, ja h\u00e4n sai valmennusty\u00f6st\u00e4\u00e4n my\u00f6s useita tunnustuksia. Terveyshaasteistaan huolimatta Anne jatkoi aktiivista valmennusty\u00f6t\u00e4\u00e4n aivan viime aikoihin saakka ollen meille kaikille esimerkki \u00e4\u00e4rimm\u00e4isest\u00e4 sinnikkyydest\u00e4 ja urheudesta. Annen valmennusty\u00f6t\u00e4 jatkavat nyt seuran muut valmentajat ja ohjaajat.<\/p>\n\n\n\n<p>Annen omaisten toiveesta pyyd\u00e4mme osoittamaan mahdolliset muistamiset Kuivasj\u00e4rven Auran seuratoiminnan tukemiseen. Mik\u00e4li haluat muistaa Annen el\u00e4m\u00e4nty\u00f6t\u00e4 yleisurheilun ja nuorten parissa, voit tehd\u00e4 lahjoituksen Kuivasj\u00e4rven Auralle. Ker\u00e4tyt varat k\u00e4yt\u00e4mme Annen toivetta kunnioittaen nuorien urheilijoiden tukemiseen. Olemme tehneet ker\u00e4yst\u00e4 varten pienker\u00e4ysilmoituksen ja sen hyv\u00e4ksymisen j\u00e4lkeen ilmoitamme lahjoitusta varten tarvittavat tiedot verkkosivuillamme.<\/p>\n\n\n\n<p>Omaiset toivovat kaiken muistamisen menev\u00e4n Annen muistoker\u00e4ykseen.<\/p>\n\n\n\n<p><p><img loading=\"lazy\" decoding=\"async\" class=\"alignnone size-medium wp-image-6492\" src=\"https:\/\/kuivasjarvenaura.fi\/wp-content\/uploads\/2024\/12\/anne-rakas-e1733946127709-240x300.jpg\" alt=\"\" width=\"240\" height=\"300\" srcset=\"https:\/\/kuivasjarvenaura.fi\/wp-content\/uploads\/2024\/12\/anne-rakas-e1733946127709-240x300.jpg 240w, https:\/\/kuivasjarvenaura.fi\/wp-content\/uploads\/2024\/12\/anne-rakas-e1733946127709-819x1024.jpg 819w, https:\/\/kuivasjarvenaura.fi\/wp-content\/uploads\/2024\/12\/anne-rakas-e1733946127709-768x960.jpg 768w, https:\/\/kuivasjarvenaura.fi\/wp-content\/uploads\/2024\/12\/anne-rakas-e1733946127709-85x105.jpg 85w, https:\/\/kuivasjarvenaura.fi\/wp-content\/uploads\/2024\/12\/anne-rakas-e1733946127709-78x98.jpg 78w, https:\/\/kuivasjarvenaura.fi\/wp-content\/uploads\/2024\/12\/anne-rakas-e1733946127709.jpg 1200w\" sizes=\"auto, (max-width: 240px) 100vw, 240px\" \/><\/p>\n<p>Kuva: Henri Luoma<\/p><\/p>\n","protected":false},"excerpt":{"rendered":"<p>Surullisin mielin kerromme, ett\u00e4 Kuivasj\u00e4rven Auran pitk\u00e4aikainen valmentaja ja toimintamme vet\u00e4j\u00e4 Anne Karvinen-Poutanen on menehtynyt. L\u00e4mmin osanottomme Annen perheelle ja l\u00e4heisille. Toivomme, ett\u00e4 Annen omaiset saavat rauhan asian k\u00e4sittelyyn. Oman yleisurheilu-uransa j\u00e4lkeen Anne toimi kolmen vuosikymmenen ajan valmentajana ja kasvatti Kuivasj\u00e4rven Aurasta kansallisesti merkitt\u00e4v\u00e4n ja tunnetun yleisurheiluseuran. Tuhannet lapset ovat aloittaneet liikuntaharrastuksen Annen perustaman urheilukoulutoiminnan&#8230;<\/p>\n","protected":false},"author":3,"featured_media":6494,"comment_status":"closed","ping_status":"open","sticky":false,"template":"","format":"standard","meta":{"footnotes":""},"categories":[1],"tags":[],"class_list":["post-6491","post","type-post","status-publish","format-standard","has-post-thumbnail","hentry","category-ajankohtaista"],"_links":{"self":[{"href":"https:\/\/kuivasjarvenaura.fi\/index.php\/wp-json\/wp\/v2\/posts\/6491","targetHints":{"allow":["GET"]}}],"collection":[{"href":"https:\/\/kuivasjarvenaura.fi\/index.php\/wp-json\/wp\/v2\/posts"}],"about":[{"href":"https:\/\/kuivasjarvenaura.fi\/index.php\/wp-json\/wp\/v2\/types\/post"}],"author":[{"embeddable":true,"href":"https:\/\/kuivasjarvenaura.fi\/index.php\/wp-json\/wp\/v2\/users\/3"}],"replies":[{"embeddable":true,"href":"https:\/\/kuivasjarvenaura.fi\/index.php\/wp-json\/wp\/v2\/comments?post=6491"}],"version-history":[{"count":2,"href":"https:\/\/kuivasjarvenaura.fi\/index.php\/wp-json\/wp\/v2\/posts\/6491\/revisions"}],"predecessor-version":[{"id":6496,"href":"https:\/\/kuivasjarvenaura.fi\/index.php\/wp-json\/wp\/v2\/posts\/6491\/revisions\/6496"}],"wp:featuredmedia":[{"embeddable":true,"href":"https:\/\/kuivasjarvenaura.fi\/index.php\/wp-json\/wp\/v2\/media\/6494"}],"wp:attachment":[{"href":"https:\/\/kuivasjarvenaura.fi\/index.php\/wp-json\/wp\/v2\/media?parent=6491"}],"wp:term":[{"taxonomy":"category","embeddable":true,"href":"https:\/\/kuivasjarvenaura.fi\/index.php\/wp-json\/wp\/v2\/categories?post=6491"},{"taxonomy":"post_tag","embeddable":true,"href":"https:\/\/kuivasjarvenaura.fi\/index.php\/wp-json\/wp\/v2\/tags?post=6491"}],"curies":[{"name":"wp","href":"https:\/\/api.w.org\/{rel}","templated":true}]}}